{"id":27793,"date":"2018-05-04T13:34:25","date_gmt":"2018-05-04T11:34:25","guid":{"rendered":"https:\/\/www.afrika.de\/blog\/?p=27793"},"modified":"2018-05-09T11:42:06","modified_gmt":"2018-05-09T09:42:06","slug":"guesthouse-terra-africa-in-windhoek-neue-zimmer-neuer-service","status":"publish","type":"post","link":"https:\/\/www.afrika.de\/blog\/guesthouse-terra-africa-in-windhoek-neue-zimmer-neuer-service\/","title":{"rendered":"Guesthouse Terra Africa in Windhoek \u2013 Neue Zimmer, neuer Service!"},"content":{"rendered":"<p>Das G\u00e4stehaus <strong>Terra Africa<\/strong> liegt in Namibias Hauptstadt Windhoek, inmitten des sch\u00f6nen Stadtteils Olympia. Nach dreimonatigen Renovierungsarbeiten wurden am 1. Mai offiziell die ersten G\u00e4ste im<strong> neuen Geb\u00e4udefl\u00fcgel<\/strong> begr\u00fc\u00dft: nur eines der <strong>attraktiven Upgrades<\/strong>, die der Umbau erm\u00f6glicht hat.<br \/>\n<\/p>\n<h1>\u00c4nderungen im G\u00e4stehaus<\/h1>\n<p>Die Rezeption befindet sich nun im neuen Fl\u00fcgel, hier werden ab sofort auch die G\u00e4ste empfangen. Dar\u00fcber hinaus stehen jetzt ein Konferenzraum f\u00fcr bis zu 40 Personen sowie ein Sitzungsraum f\u00fcr 15 Personen zur Verf\u00fcgung, au\u00dferdem ein neues Familienzimmer f\u00fcr Selbstversorger und drei zus\u00e4tzliche Queen Bed Rooms.<\/p>\n<div class=\\'gallery\\'><dl class='gallery-item'>\n\t\t\t<dt class='gallery-icon portrait'>\n\t\t\t\t<a href=\"https:\/\/www.afrika.de\/blog\/wp-content\/uploads\/2018\/05\/Terra-2.jpg\" data-wpel-link=\"internal\"><img loading=\"lazy\" decoding=\"async\" width=\"225\" height=\"300\" src=\"https:\/\/www.afrika.de\/blog\/wp-content\/uploads\/2018\/05\/Terra-2-225x300.jpg\" class=\"attachment-medium size-medium\" alt=\"\" srcset=\"https:\/\/www.afrika.de\/blog\/wp-content\/uploads\/2018\/05\/Terra-2-225x300.jpg 225w, https:\/\/www.afrika.de\/blog\/wp-content\/uploads\/2018\/05\/Terra-2-360x480.jpg 360w, https:\/\/www.afrika.de\/blog\/wp-content\/uploads\/2018\/05\/Terra-2.jpg 720w\" sizes=\"auto, (max-width: 225px) 100vw, 225px\" \/><\/a>\n\t\t\t<\/dt><\/dl><dl class='gallery-item'>\n\t\t\t<dt class='gallery-icon portrait'>\n\t\t\t\t<a href=\"https:\/\/www.afrika.de\/blog\/wp-content\/uploads\/2018\/05\/Terra-5.jpg\" data-wpel-link=\"internal\"><img loading=\"lazy\" decoding=\"async\" width=\"225\" height=\"300\" src=\"https:\/\/www.afrika.de\/blog\/wp-content\/uploads\/2018\/05\/Terra-5-225x300.jpg\" class=\"attachment-medium size-medium\" alt=\"\" srcset=\"https:\/\/www.afrika.de\/blog\/wp-content\/uploads\/2018\/05\/Terra-5-225x300.jpg 225w, https:\/\/www.afrika.de\/blog\/wp-content\/uploads\/2018\/05\/Terra-5-360x480.jpg 360w, https:\/\/www.afrika.de\/blog\/wp-content\/uploads\/2018\/05\/Terra-5.jpg 720w\" sizes=\"auto, (max-width: 225px) 100vw, 225px\" \/><\/a>\n\t\t\t<\/dt><\/dl><dl class='gallery-item'>\n\t\t\t<dt class='gallery-icon portrait'>\n\t\t\t\t<a href=\"https:\/\/www.afrika.de\/blog\/wp-content\/uploads\/2018\/05\/Terra-6.jpg\" data-wpel-link=\"internal\"><img loading=\"lazy\" decoding=\"async\" width=\"225\" height=\"300\" src=\"https:\/\/www.afrika.de\/blog\/wp-content\/uploads\/2018\/05\/Terra-6-225x300.jpg\" class=\"attachment-medium size-medium\" alt=\"\" srcset=\"https:\/\/www.afrika.de\/blog\/wp-content\/uploads\/2018\/05\/Terra-6-225x300.jpg 225w, https:\/\/www.afrika.de\/blog\/wp-content\/uploads\/2018\/05\/Terra-6-360x480.jpg 360w, https:\/\/www.afrika.de\/blog\/wp-content\/uploads\/2018\/05\/Terra-6.jpg 720w\" sizes=\"auto, (max-width: 225px) 100vw, 225px\" \/><\/a>\n\t\t\t<\/dt><\/dl><br style=\"clear: both\" \/>\n\t\t<\/div>\n\n<h1>DeVine Wine &amp; Eatery Windhoek<\/h1>\n<p>Das Restaurant bietet Fr\u00fchst\u00fcck und Dinner und hei\u00dft auch Besucher, die nicht im Guesthouse \u00fcbernachten, herzlich willkommen. Hier warten ebenfalls <strong>einige Neuerungen<\/strong> auf die G\u00e4ste:<\/p>\n<ul>\n<li>Ein neuer Dining Room f\u00fcr bis zu 20 Personen<\/li>\n<li><strong>Eine Veranda<\/strong> f\u00fcr ein gem\u00fctliches Fr\u00fchst\u00fcck oder Dinner bei Sonnenuntergang (siehe Titelbild)<\/li>\n<li><strong>K\u00f6stliche Dinner-Platten<\/strong> und eine vorz\u00fcgliche Weinauswahl in der neuen Wein-Lounge<\/li>\n<li>Exklusives <strong>3-Gang Men\u00fc<\/strong> f\u00fcr die Hausg\u00e4ste von Terra Africa buchbar<\/li>\n<\/ul>\n<div class=\\'gallery\\'><dl class='gallery-item'>\n\t\t\t<dt class='gallery-icon landscape'>\n\t\t\t\t<a href=\"https:\/\/www.afrika.de\/blog\/wp-content\/uploads\/2018\/05\/Terra-9.jpg\" data-wpel-link=\"internal\"><img loading=\"lazy\" decoding=\"async\" width=\"300\" height=\"225\" src=\"https:\/\/www.afrika.de\/blog\/wp-content\/uploads\/2018\/05\/Terra-9-300x225.jpg\" class=\"attachment-medium size-medium\" alt=\"\" srcset=\"https:\/\/www.afrika.de\/blog\/wp-content\/uploads\/2018\/05\/Terra-9-300x225.jpg 300w, https:\/\/www.afrika.de\/blog\/wp-content\/uploads\/2018\/05\/Terra-9-768x576.jpg 768w, https:\/\/www.afrika.de\/blog\/wp-content\/uploads\/2018\/05\/Terra-9.jpg 960w\" sizes=\"auto, (max-width: 300px) 100vw, 300px\" \/><\/a>\n\t\t\t<\/dt><\/dl><dl class='gallery-item'>\n\t\t\t<dt class='gallery-icon landscape'>\n\t\t\t\t<a href=\"https:\/\/www.afrika.de\/blog\/wp-content\/uploads\/2018\/05\/Terra-8.jpg\" data-wpel-link=\"internal\"><img loading=\"lazy\" decoding=\"async\" width=\"300\" height=\"225\" src=\"https:\/\/www.afrika.de\/blog\/wp-content\/uploads\/2018\/05\/Terra-8-300x225.jpg\" class=\"attachment-medium size-medium\" alt=\"\" srcset=\"https:\/\/www.afrika.de\/blog\/wp-content\/uploads\/2018\/05\/Terra-8-300x225.jpg 300w, https:\/\/www.afrika.de\/blog\/wp-content\/uploads\/2018\/05\/Terra-8-768x576.jpg 768w, https:\/\/www.afrika.de\/blog\/wp-content\/uploads\/2018\/05\/Terra-8.jpg 960w\" sizes=\"auto, (max-width: 300px) 100vw, 300px\" \/><\/a>\n\t\t\t<\/dt><\/dl><dl class='gallery-item'>\n\t\t\t<dt class='gallery-icon landscape'>\n\t\t\t\t<a href=\"https:\/\/www.afrika.de\/blog\/wp-content\/uploads\/2018\/05\/Terra-10.jpg\" data-wpel-link=\"internal\"><img loading=\"lazy\" decoding=\"async\" width=\"300\" height=\"225\" src=\"https:\/\/www.afrika.de\/blog\/wp-content\/uploads\/2018\/05\/Terra-10-300x225.jpg\" class=\"attachment-medium size-medium\" alt=\"\" srcset=\"https:\/\/www.afrika.de\/blog\/wp-content\/uploads\/2018\/05\/Terra-10-300x225.jpg 300w, https:\/\/www.afrika.de\/blog\/wp-content\/uploads\/2018\/05\/Terra-10-768x576.jpg 768w, https:\/\/www.afrika.de\/blog\/wp-content\/uploads\/2018\/05\/Terra-10.jpg 960w\" sizes=\"auto, (max-width: 300px) 100vw, 300px\" \/><\/a>\n\t\t\t<\/dt><\/dl><br style=\"clear: both\" \/>\n\t\t<\/div>\n\n<p>Externe G\u00e4ste werden um telefonische Reservierung gebeten, besonders f\u00fcr ein Fr\u00fchst\u00fcck.<\/p>\n<h1>Privatsph\u00e4re f\u00fcr die G\u00e4ste von Terra Africa<\/h1>\n<p>W\u00e4hrend das Restaurant auch f\u00fcr externe G\u00e4ste ge\u00f6ffnet ist, bleibt der neue Fl\u00fcgel <strong>exklusiv den Hausg\u00e4sten<\/strong> vorbehalten. In der G\u00e4ste-Lounge, am Pool und im Garten kann wie gewohnt <strong>ganz im Privaten entspannt werden<\/strong>.<\/p>\n<div class=\\'gallery\\'><dl class='gallery-item'>\n\t\t\t<dt class='gallery-icon landscape'>\n\t\t\t\t<a href=\"https:\/\/www.afrika.de\/blog\/wp-content\/uploads\/2018\/05\/Terra-12.jpg\" data-wpel-link=\"internal\"><img loading=\"lazy\" decoding=\"async\" width=\"300\" height=\"225\" src=\"https:\/\/www.afrika.de\/blog\/wp-content\/uploads\/2018\/05\/Terra-12-300x225.jpg\" class=\"attachment-medium size-medium\" alt=\"\" aria-describedby=\"gallery-3-27804\" srcset=\"https:\/\/www.afrika.de\/blog\/wp-content\/uploads\/2018\/05\/Terra-12-300x225.jpg 300w, https:\/\/www.afrika.de\/blog\/wp-content\/uploads\/2018\/05\/Terra-12-768x576.jpg 768w, https:\/\/www.afrika.de\/blog\/wp-content\/uploads\/2018\/05\/Terra-12.jpg 960w\" sizes=\"auto, (max-width: 300px) 100vw, 300px\" \/><\/a>\n\t\t\t<\/dt>\n\t\t\t\t<dd class='wp-caption-text gallery-caption' id='gallery-3-27804'>\n\t\t\t\tPrivatsph\u00e4re im Garten &#8230;\n\t\t\t\t<\/dd><\/dl><dl class='gallery-item'>\n\t\t\t<dt class='gallery-icon landscape'>\n\t\t\t\t<a href=\"https:\/\/www.afrika.de\/blog\/wp-content\/uploads\/2018\/05\/Terra-20.jpg\" data-wpel-link=\"internal\"><img loading=\"lazy\" decoding=\"async\" width=\"300\" height=\"225\" src=\"https:\/\/www.afrika.de\/blog\/wp-content\/uploads\/2018\/05\/Terra-20-300x225.jpg\" class=\"attachment-medium size-medium\" alt=\"\" aria-describedby=\"gallery-3-27812\" srcset=\"https:\/\/www.afrika.de\/blog\/wp-content\/uploads\/2018\/05\/Terra-20-300x225.jpg 300w, https:\/\/www.afrika.de\/blog\/wp-content\/uploads\/2018\/05\/Terra-20-768x576.jpg 768w, https:\/\/www.afrika.de\/blog\/wp-content\/uploads\/2018\/05\/Terra-20.jpg 960w\" sizes=\"auto, (max-width: 300px) 100vw, 300px\" \/><\/a>\n\t\t\t<\/dt>\n\t\t\t\t<dd class='wp-caption-text gallery-caption' id='gallery-3-27812'>\n\t\t\t\t&#8230; am Pool &#8230;\n\t\t\t\t<\/dd><\/dl><dl class='gallery-item'>\n\t\t\t<dt class='gallery-icon landscape'>\n\t\t\t\t<a href=\"https:\/\/www.afrika.de\/blog\/wp-content\/uploads\/2018\/05\/Terra-19.jpg\" data-wpel-link=\"internal\"><img loading=\"lazy\" decoding=\"async\" width=\"300\" height=\"225\" src=\"https:\/\/www.afrika.de\/blog\/wp-content\/uploads\/2018\/05\/Terra-19-300x225.jpg\" class=\"attachment-medium size-medium\" alt=\"\" aria-describedby=\"gallery-3-27811\" srcset=\"https:\/\/www.afrika.de\/blog\/wp-content\/uploads\/2018\/05\/Terra-19-300x225.jpg 300w, https:\/\/www.afrika.de\/blog\/wp-content\/uploads\/2018\/05\/Terra-19-768x576.jpg 768w, https:\/\/www.afrika.de\/blog\/wp-content\/uploads\/2018\/05\/Terra-19.jpg 960w\" sizes=\"auto, (max-width: 300px) 100vw, 300px\" \/><\/a>\n\t\t\t<\/dt>\n\t\t\t\t<dd class='wp-caption-text gallery-caption' id='gallery-3-27811'>\n\t\t\t\t&#8230; und auf dem eigenen Balkon.\n\t\t\t\t<\/dd><\/dl><br style=\"clear: both\" \/>\n\t\t<\/div>\n\n<div class=\"yellow-box\">\n<h1>Kontaktinformationen<\/h1>\n<div id=\"attachment_27806\" style=\"width: 310px\" class=\"wp-caption alignright\"><a href=\"https:\/\/www.afrika.de\/blog\/wp-content\/uploads\/2018\/05\/Terra-14.jpg\" data-wpel-link=\"internal\"><img loading=\"lazy\" decoding=\"async\" aria-describedby=\"caption-attachment-27806\" class=\"size-medium wp-image-27806\" src=\"https:\/\/www.afrika.de\/blog\/wp-content\/uploads\/2018\/05\/Terra-14-300x225.jpg\" alt=\"\" width=\"300\" height=\"225\" srcset=\"https:\/\/www.afrika.de\/blog\/wp-content\/uploads\/2018\/05\/Terra-14-300x225.jpg 300w, https:\/\/www.afrika.de\/blog\/wp-content\/uploads\/2018\/05\/Terra-14-768x576.jpg 768w, https:\/\/www.afrika.de\/blog\/wp-content\/uploads\/2018\/05\/Terra-14.jpg 960w\" sizes=\"auto, (max-width: 300px) 100vw, 300px\" \/><\/a><p id=\"caption-attachment-27806\" class=\"wp-caption-text\">Einladende, helle Farben<\/p><\/div>\n<p>Guesthouse Terra Africa<br \/>\n6-8 Kenneth McArthur Street<br \/>\nAuas Blick (Old Olympia)<br \/>\nWindhoek<\/p>\n<p>Tel.: +264(0)61252100<br \/>\n<a href=\"mailto:info@terra-africa.com\">info[at]terra-africa.com<\/a><br \/>\n<a href=\"http:\/\/www.terra-africa.com\/gh_terra_africa.html\" data-wpel-link=\"external\" target=\"_blank\" rel=\"nofollow noopener noreferrer\" class=\"ext-link\">www.terra-africa.com<\/a> <\/div><div class=\"red-box\">\n<h1>Besuchen Sie Namibia<\/h1>\n<p>Reiselust geweckt? Besuchen Sie das Guesthouse Terra Africa, ganz Namibia oder andere L\u00e4nder des S\u00fcdlichen Afrika mit <strong>Iwanowski\u2019s Individuelles Reisen<\/strong>. Unser Experten-Team ber\u00e4t Sie gerne, plant Ihre Route und hilft Ihnen bei der<a href=\"https:\/\/www.afrika.de\/individuelle-reiseanfrage\/\" data-wpel-link=\"exclude\"> Buchung von Unterk\u00fcnften, Ausfl\u00fcgen, Mietwagen und Fl\u00fcgen<\/a>.<br \/>\nKontaktieren Sie uns \u00fcber:<br \/>\nTel.: +49(0)2133 26030<br \/>\n<a href=\"mailto:info@afrika.de\">info[at]afrika.de<\/a><br \/>\n<a href=\"https:\/\/www.afrika.de\/\" data-wpel-link=\"exclude\">www.afrika.de<\/a>&nbsp;<\/div><\/p>\n<p>\u00a9 Informationen und Bilder: Guesthouse Terra Africa<\/p>","protected":false},"excerpt":{"rendered":"<p>Das G\u00e4stehaus Terra Africa liegt in Namibias Hauptstadt Windhoek, inmitten des sch\u00f6nen Stadtteils Olympia. Nach dreimonatigen Renovierungsarbeiten wurden am 1. Mai offiziell die ersten G\u00e4ste im neuen Geb\u00e4udefl\u00fcgel begr\u00fc\u00dft: nur eines der attraktiven Upgrades, die der Umbau erm\u00f6glicht hat. \u00c4nderungen im G\u00e4stehaus Die Rezeption befindet&hellip; <a class=\"read-more\" href=\"https:\/\/www.afrika.de\/blog\/guesthouse-terra-africa-in-windhoek-neue-zimmer-neuer-service\/\" data-wpel-link=\"internal\">Weiterlesen<\/a><\/p>\n","protected":false},"author":305,"featured_media":27803,"comment_status":"open","ping_status":"open","sticky":false,"template":"","format":"standard","meta":{"footnotes":""},"categories":[3,7127,8,7129],"tags":[],"class_list":["post-27793","post","type-post","status-publish","format-standard","has-post-thumbnail","hentry","category-afrika","category-kulinarisch","category-namibia","category-unterkuenfte"],"_links":{"self":[{"href":"https:\/\/www.afrika.de\/blog\/wp-json\/wp\/v2\/posts\/27793","targetHints":{"allow":["GET"]}}],"collection":[{"href":"https:\/\/www.afrika.de\/blog\/wp-json\/wp\/v2\/posts"}],"about":[{"href":"https:\/\/www.afrika.de\/blog\/wp-json\/wp\/v2\/types\/post"}],"author":[{"embeddable":true,"href":"https:\/\/www.afrika.de\/blog\/wp-json\/wp\/v2\/users\/305"}],"replies":[{"embeddable":true,"href":"https:\/\/www.afrika.de\/blog\/wp-json\/wp\/v2\/comments?post=27793"}],"version-history":[{"count":9,"href":"https:\/\/www.afrika.de\/blog\/wp-json\/wp\/v2\/posts\/27793\/revisions"}],"predecessor-version":[{"id":27832,"href":"https:\/\/www.afrika.de\/blog\/wp-json\/wp\/v2\/posts\/27793\/revisions\/27832"}],"wp:featuredmedia":[{"embeddable":true,"href":"https:\/\/www.afrika.de\/blog\/wp-json\/wp\/v2\/media\/27803"}],"wp:attachment":[{"href":"https:\/\/www.afrika.de\/blog\/wp-json\/wp\/v2\/media?parent=27793"}],"wp:term":[{"taxonomy":"category","embeddable":true,"href":"https:\/\/www.afrika.de\/blog\/wp-json\/wp\/v2\/categories?post=27793"},{"taxonomy":"post_tag","embeddable":true,"href":"https:\/\/www.afrika.de\/blog\/wp-json\/wp\/v2\/tags?post=27793"}],"curies":[{"name":"wp","href":"https:\/\/api.w.org\/{rel}","templated":true}]}}