{"id":17932,"date":"2014-12-11T13:49:53","date_gmt":"2014-12-11T11:49:53","guid":{"rendered":"http:\/\/www.iwanowski.de\/blog\/?p=17932"},"modified":"2018-06-06T16:52:08","modified_gmt":"2018-06-06T14:52:08","slug":"la-reunion-zwaye-noel-weihnachten-im-indischen-ozean","status":"publish","type":"post","link":"https:\/\/www.afrika.de\/blog\/la-reunion-zwaye-noel-weihnachten-im-indischen-ozean\/","title":{"rendered":"La R\u00e9union: Zway\u00e9 No\u00e8l &#8211; Weihnachten im Indischen Ozean"},"content":{"rendered":"<p><strong>\u201eZway\u00e9 No\u00e8l!\u201c<\/strong> \u2013 Fr\u00f6hliche Weihnachten h\u00f6rt man im Dezember fast \u00fcberall auf der Insel La R\u00e9union im Indischen Ozean. W\u00e4hrend es in Europa schneit Schnee und regnerisch ungem\u00fctlich wird und man sich mit hei\u00dfem Tee und Stollen in Weihnachtsstimmung versetzt, <strong>steht auf La R\u00e9union Eistee oder ein erfrischender Cocktail auf dem Tisch<\/strong>. Hier, auf der S\u00fcdhalbkugel, unweit des \u00c4quators, ist Hochsommer.<strong> \u00dcberall glitzern die bunt geschm\u00fcckten Schaufenster und Pl\u00e4tze<\/strong>, erklingen kreolische, franz\u00f6sische und internationale Weihnachtslieder. Als Weihnachtsb\u00e4ume m\u00fcssen Kryptomeria-B\u00e4ume, sogenannte Sicheltannen, herhalten. Sie werden mit Kugeln, Sternen und viel Buntem dekoriert. Litschi-B\u00e4ume legen von alleine ihre \u201eFesttagsdecko\u201c an und <strong>leuchten mit ihren rosa Fr\u00fcchten.<\/strong><\/p>\n<h2>Gl\u00f6ckchen, Sternchen und Papa Noel bei 30 Grad<\/h2>\n<p>Weihnachten ist eines der wichtigsten Feste auf der mehrheitlich katholisch gepr\u00e4gten Insel. Ob Muslime oder Tamile, Weihnachten feiert jede Glaubensgemeinschaft auf ihre eigene Art mit. <strong>Auftakt ist die Mitternachtsmesse am 24. Dezember.<\/strong> <a href=\"http:\/\/www.iwanowski.de\/blog\/wp-content\/uploads\/2014\/12\/Reunion2.jpg\" data-wpel-link=\"external\" target=\"_blank\" rel=\"nofollow noopener noreferrer\" class=\"ext-link\"><img loading=\"lazy\" decoding=\"async\" class=\"alignright size-medium wp-image-17935\" src=\"http:\/\/www.iwanowski.de\/blog\/wp-content\/uploads\/2014\/12\/Reunion2-300x198.jpg\" alt=\"Reunion_Iwanowski_Reisen\" width=\"300\" height=\"198\" srcset=\"https:\/\/www.afrika.de\/blog\/wp-content\/uploads\/2014\/12\/Reunion2-300x198.jpg 300w, https:\/\/www.afrika.de\/blog\/wp-content\/uploads\/2014\/12\/Reunion2.jpg 312w\" sizes=\"auto, (max-width: 300px) 100vw, 300px\" \/><\/a>Danach gibt es bei einem gemeinsamen Abendessens kreolische Gerichte in jeglicher Form: Cari, Reis, Linsen und Bohnen sowie ein leckerer Nachtisch mit frischen Mangos und Litschis. Auch die Kleinsten wissen, nun wird \u201ePapa Noel\u201c wohl nicht mehr lange auf sich warten lassen. Wie in Europa erscheint auch hier der im traditionellen rot-wei\u00dfen Mantel (auch bei 30\u00b0C!) und mit Geschenken bepackte Weihnachtsmann. <strong>Nach der Bescherung gehen die Familien auf La R\u00e9union von Haus zu Haus<\/strong> und statten ihren Nachbarn und Freunden einen Besuch ab. <strong>Sp\u00e4ter feiert man gern in einem der Nachtclubs der Insel weiter.<\/strong><\/p>\n<h2>Weihnachten auf La R\u00e9union<\/h2>\n<p>Der 25. Dezember steht ganz im Zeichen einer gro\u00dfen Party. <strong>Familien und Freunde treffen sich gern am Strand oder auf einem der vielen Picknick-Pl\u00e4tze,<\/strong> wo jeder typische Gerichte und Getr\u00e4nke mitbringt. <a href=\"http:\/\/www.iwanowski.de\/blog\/wp-content\/uploads\/2014\/12\/Reunion.jpg\" data-wpel-link=\"external\" target=\"_blank\" rel=\"nofollow noopener noreferrer\" class=\"ext-link\"><img loading=\"lazy\" decoding=\"async\" class=\"alignright size-medium wp-image-17946\" src=\"http:\/\/www.iwanowski.de\/blog\/wp-content\/uploads\/2014\/12\/Reunion-300x207.jpg\" alt=\"Reunion_Iwanowski_Reisen\" width=\"300\" height=\"207\" srcset=\"https:\/\/www.afrika.de\/blog\/wp-content\/uploads\/2014\/12\/Reunion-300x207.jpg 300w, https:\/\/www.afrika.de\/blog\/wp-content\/uploads\/2014\/12\/Reunion.jpg 761w\" sizes=\"auto, (max-width: 300px) 100vw, 300px\" \/><\/a><strong>Weihnachten auf La R\u00e9union ist ein wichtiges und besinnliches Familienfest.<\/strong> Alle Familienmitglieder von der ganzen Insel kommen an diesen Tagen zusammen und feiern sehr fr\u00f6hliche und laut. <strong>Da werden Chinab\u00f6ller abgeschossen, es wird gelacht, gesungen und getanzt.<\/strong> Nat\u00fcrlich haben auch Weihnachtsm\u00e4rkte zu dieser Zeit Hochkonjunktur. Viele einheimische K\u00fcnstler und Handwerker k\u00f6nnen ihre Werke hier ausstellen, die gern gekauft und an die Lieben verschenkt werden.<\/p>\n<p>Quelle und Fotos: <a href=\"http:\/\/www.reunion.fr\/de\/\" target=\"_blank\" rel=\"noopener nofollow noreferrer\" data-wpel-link=\"external\" class=\"ext-link\">Insel La Reunion, Fremdenverkehrsamt<\/a><\/p>\n<p><a href=\"https:\/\/www.afrika.de\/blog\/wp-content\/uploads\/2014\/12\/Reunion_2017_mit_buch_low_rgb_72dpi.jpg\" data-wpel-link=\"internal\"><img loading=\"lazy\" decoding=\"async\" class=\"alignleft  wp-image-28750\" src=\"https:\/\/www.afrika.de\/blog\/wp-content\/uploads\/2014\/12\/Reunion_2017_mit_buch_low_rgb_72dpi-211x300.jpg\" alt=\"\" width=\"139\" height=\"198\" srcset=\"https:\/\/www.afrika.de\/blog\/wp-content\/uploads\/2014\/12\/Reunion_2017_mit_buch_low_rgb_72dpi-211x300.jpg 211w, https:\/\/www.afrika.de\/blog\/wp-content\/uploads\/2014\/12\/Reunion_2017_mit_buch_low_rgb_72dpi.jpg 283w\" sizes=\"auto, (max-width: 139px) 100vw, 139px\" \/><\/a>Ausf\u00fchrliche Infos f\u00fcr Individual-Reisende finden Sie in dem Reisef\u00fchrer<a href=\"http:\/\/www.iwanowski.de\/shop\/kuerzlich-erschienen\/reunion-reisefuehrer-von-iwanowski.html\" target=\"_blank\" rel=\"noopener nofollow noreferrer\" data-wpel-link=\"external\" class=\"ext-link\">\u00a0R\u00e9union<\/a>\u00a0(auch als <a href=\"http:\/\/www.iwanowski.de\/shop\/ebooks-neu\/reunion-ebook-reisefuehrer-von-iwanowski.html\" target=\"_blank\" rel=\"noopener nofollow noreferrer\" data-wpel-link=\"external\" class=\"ext-link\">ebook<\/a>) von Iwanowski\u00b4s Reisebuchverlag.<\/p>\n<p>&nbsp;<\/p>\n<p>&nbsp;<\/p>","protected":false},"excerpt":{"rendered":"<p>\u201eZway\u00e9 No\u00e8l!\u201c \u2013 Fr\u00f6hliche Weihnachten h\u00f6rt man im Dezember fast \u00fcberall auf der Insel La R\u00e9union im Indischen Ozean. W\u00e4hrend es in Europa schneit Schnee und regnerisch ungem\u00fctlich wird und man sich mit hei\u00dfem Tee und Stollen in Weihnachtsstimmung versetzt, steht auf La R\u00e9union Eistee&hellip; <a class=\"read-more\" href=\"https:\/\/www.afrika.de\/blog\/la-reunion-zwaye-noel-weihnachten-im-indischen-ozean\/\" data-wpel-link=\"internal\">Weiterlesen<\/a><\/p>\n","protected":false},"author":301,"featured_media":17934,"comment_status":"open","ping_status":"open","sticky":false,"template":"","format":"standard","meta":{"footnotes":""},"categories":[3,7128,7056],"tags":[],"class_list":["post-17932","post","type-post","status-publish","format-standard","has-post-thumbnail","hentry","category-afrika","category-kultur","category-reunion-afrika"],"_links":{"self":[{"href":"https:\/\/www.afrika.de\/blog\/wp-json\/wp\/v2\/posts\/17932","targetHints":{"allow":["GET"]}}],"collection":[{"href":"https:\/\/www.afrika.de\/blog\/wp-json\/wp\/v2\/posts"}],"about":[{"href":"https:\/\/www.afrika.de\/blog\/wp-json\/wp\/v2\/types\/post"}],"author":[{"embeddable":true,"href":"https:\/\/www.afrika.de\/blog\/wp-json\/wp\/v2\/users\/301"}],"replies":[{"embeddable":true,"href":"https:\/\/www.afrika.de\/blog\/wp-json\/wp\/v2\/comments?post=17932"}],"version-history":[{"count":8,"href":"https:\/\/www.afrika.de\/blog\/wp-json\/wp\/v2\/posts\/17932\/revisions"}],"predecessor-version":[{"id":28749,"href":"https:\/\/www.afrika.de\/blog\/wp-json\/wp\/v2\/posts\/17932\/revisions\/28749"}],"wp:featuredmedia":[{"embeddable":true,"href":"https:\/\/www.afrika.de\/blog\/wp-json\/wp\/v2\/media\/17934"}],"wp:attachment":[{"href":"https:\/\/www.afrika.de\/blog\/wp-json\/wp\/v2\/media?parent=17932"}],"wp:term":[{"taxonomy":"category","embeddable":true,"href":"https:\/\/www.afrika.de\/blog\/wp-json\/wp\/v2\/categories?post=17932"},{"taxonomy":"post_tag","embeddable":true,"href":"https:\/\/www.afrika.de\/blog\/wp-json\/wp\/v2\/tags?post=17932"}],"curies":[{"name":"wp","href":"https:\/\/api.w.org\/{rel}","templated":true}]}}